{"id":3193,"date":"2026-04-27T12:27:54","date_gmt":"2026-04-27T10:27:54","guid":{"rendered":"https:\/\/blog.acubeapi.com\/?p=3193"},"modified":"2026-04-27T12:28:35","modified_gmt":"2026-04-27T10:28:35","slug":"data-wystawienia-faktury-w-ksef","status":"publish","type":"post","link":"https:\/\/blog.acubeapi.com\/pl\/data-wystawienia-faktury-w-ksef\/","title":{"rendered":"Data wystawienia faktury w KSeF &#8211; wszystko co musisz wiedzie\u0107"},"content":{"rendered":"\n<!-- Key Points Component -->\n<section class=\"faq-key-points\" style=\"--faq-gap: 8px;\n--kp-bg: #2c4168;\n--kp-title-color: #64748b;\n--kp-text-color: #ffffff;\n--kp-border-color: #e2e8f0;\n--kp-border-width: 0px;\n--kp-radius: 14px;\n--kp-padding: 16px;\n--kp-gap: 6px;\n--kp-marker-color: #ff2a13;\n--kp-list-style: disc;\n--kp-title-size: 13px;\n--kp-text-size: 16px;\n--kp-shadow: none;\" aria-label=\"Czego dowiesz si\u0119 z tego artyku\u0142u?\">\n  <h3>Najwa\u017cniejsze informacje z artyku\u0142u:<\/h3>\n  <ul>\n<li>Data wystawienia faktury w KSeF jest zale\u017cna od momentu jej przes\u0142ania i nadania numeru w systemie, a nie od dowolnie ustawionej daty.<\/li>\n<li>R&oacute;\u017cnica mi\u0119dzy dat\u0105 sprzeda\u017cy a dat\u0105 wystawienia ma znaczenie dla rozlicze\u0144 VAT i ewidencji ksi\u0119gowej.<\/li>\n<li>System nie pozwala na klasyczne &bdquo;wystawianie wsteczne&rdquo; faktur, cho\u0107 mo\u017cliwe jest wskazanie wcze\u015bniejszej daty sprzeda\u017cy.<\/li>\n<\/ul>\n<\/section>\n\n<style>\n\/* Key Points *\/\n.faq-key-points { font-family: var(--faq-font, ui-sans-serif, system-ui, -apple-system, Segoe UI, Roboto) !important;background: var(--kp-bg, #12141a) !important; color: var(--kp-text-color, #cbd5e1) !important; border: var(--kp-border-width, 1px) solid var(--kp-border-color, rgba(148, 163, 184, 0.25)) !important; border-radius: var(--kp-radius, 12px) !important; padding: var(--kp-padding, 16px) !important; margin-bottom: calc(var(--faq-gap, 16px) * 1.5) !important; box-shadow: var(--kp-shadow, none) !important;}\n.faq-key-points h3 { margin: 0 0 8px !important; font-size: var(--kp-title-size, 0.85rem) !important; letter-spacing: 0.08em !important; text-transform: uppercase !important; color: var(--kp-title-color, #94a3b8) !important;}\n.faq-key-points ul { margin: 0 !important; padding-left: 20px !important; color: inherit !important; list-style-type: var(--kp-list-style, disc) !important; font-size: var(--kp-text-size, inherit) !important; }\n.faq-key-points li { margin: 0 0 var(--kp-gap, 6px) !important; }\n.faq-key-points li:last-child { margin-bottom: 0 !important; }\n.faq-key-points li::marker { color: var(--kp-marker-color, currentColor) !important; }\n<\/style>\n\n\n<p>W tradycyjnym modelu wystawiania faktur przedsi\u0119biorca mia\u0142 pe\u0142n\u0105 kontrol\u0119 nad dat\u0105 wystawienia dokumentu, natomiast <strong>w KSeF to moment przes\u0142ania faktury do systemu i jej akceptacji jest najwa\u017cniejszy<\/strong>. Dlatego w aktualnej sytuacji przedsi\u0119biorcy musz\u0105 inaczej planowa\u0107 proces fakturowania, poniewa\u017c system narzuca okre\u015blone ramy techniczne i formalne.\u00a0<\/p>\n<h2>Jak jest ustalana data wystawienia faktury w KSeF?<\/h2>\n<p>W systemie <a href=\"https:\/\/blog.acubeapi.com\/pl\/ksef-system-efaktur-w-polsce\/\">KSeF<\/a> data wystawienia faktury nie jest dowolnie nadawana przez podatnika w takim sensie, jak mia\u0142o to miejsce w tradycyjnych systemach ksi\u0119gowych.\u00a0<\/p>\n<p><strong>Zgodnie z zasadami funkcjonowania KSeF<\/strong>:<\/p>\n<ul>\n<li>faktura uznawana jest za wystawion\u0105 w momencie jej przes\u0142ania i zarejestrowania w systemie,<\/li>\n<li>system nadaje jej unikalny numer identyfikacyjny KSeF,<\/li>\n<li>dopiero po nadaniu numeru dokument uznaje si\u0119 za formalnie wystawiony.<\/li>\n<\/ul>\n<p>Co to oznacza? \u017be <strong>data wystawienia faktury w KSeF jest \u015bci\u015ble powi\u0105zana z czasem technicznego przetworzenia dokumentu przez system, a nie wy\u0142\u0105cznie z dat\u0105 wskazan\u0105 przez u\u017cytkownika w formularzu<\/strong>.<\/p>\n<h2>Data sprzeda\u017cy a data wystawienia faktury w KSeF \u2013 najwa\u017cniejsze r\u00f3\u017cnice<\/h2>\n<p><strong>Data sprzeda\u017cy i data wystawienia faktury to dwa r\u00f3\u017cne poj\u0119cia, kt\u00f3re pe\u0142ni\u0105 ca\u0142kowicie inne funkcje<\/strong>:<\/p>\n<ul>\n<li>data sprzeda\u017cy odnosi si\u0119 do momentu wykonania us\u0142ugi lub dostarczenia towaru,<\/li>\n<li>data wystawienia faktury w KSeF odnosi si\u0119 do momentu zatwierdzenia dokumentu w systemie,<\/li>\n<\/ul>\n<p><strong>Wa\u017cne! <\/strong>Obie daty mog\u0105 si\u0119 r\u00f3\u017cni\u0107 i nie musz\u0105 by\u0107 identyczne.<\/p>\n<p>Co wi\u0119cej, obowi\u0105zek podatkowy VAT cz\u0119sto powstaje na podstawie daty sprzeda\u017cy, natomiast formalne wystawienie dokumentu nast\u0119puje p\u00f3\u017aniej lub wcze\u015bniej, zale\u017cnie od momentu jego przes\u0142ania.<\/p>\n<p>Rozbie\u017cno\u015b\u0107 ta jest istotna, poniewa\u017c wp\u0142ywa na:<\/p>\n<ul>\n<li>moment rozliczenia VAT,<\/li>\n<li>uj\u0119cie przychodu,<\/li>\n<li>poprawno\u015b\u0107 ewidencji ksi\u0119gowej.<\/li>\n<\/ul>\n<h2>Czy w KSeF mo\u017cna wystawi\u0107 faktur\u0119 z dat\u0105 wsteczn\u0105?<\/h2>\n<p><strong>System KSeF nie pozwala na \u201etechniczne cofni\u0119cie czasu\u201d w zakresie faktycznego momentu rejestracji dokumentu<\/strong>. Oznacza to, \u017ce:<\/p>\n<ul>\n<li>faktura nie mo\u017ce zosta\u0107 formalnie wystawiona w systemie z dat\u0105 wcze\u015bniejsz\u0105 ni\u017c moment jej przes\u0142ania,<\/li>\n<li>mo\u017cliwe jest natomiast wskazanie wcze\u015bniejszej daty sprzeda\u017cy na fakturze,<\/li>\n<li>system i tak rejestruje rzeczywisty moment jej przyj\u0119cia.<\/li>\n<\/ul>\n<p>W efekcie \u201ewystawienie wsteczne\u201d w sensie technicznym nie funkcjonuje tak jak w tradycyjnym modelu. Dlatego nale\u017cy stosowa\u0107 zgodno\u015b\u0107 mi\u0119dzy rzeczywist\u0105 sprzeda\u017c\u0105 a terminem wysy\u0142ki do KSeF, aby unikn\u0105\u0107 rozbie\u017cno\u015bci ksi\u0119gowych.<\/p>\n<h2>Jaka data wystawienia faktury jest wi\u0105\u017c\u0105ca?<\/h2>\n<p><strong>Dla cel\u00f3w podatkowych oraz ksi\u0119gowych wa\u017cne jest to, jaka data wystawienia faktury widnieje na dokumencie i w systemie<\/strong>. Nale\u017cy przyj\u0105\u0107, \u017ce wi\u0105\u017c\u0105ca jest data nadania numeru KSeF, kt\u00f3ra jest to\u017csama z dat\u0105 wp\u0142ywu dokumentu do systemu.<\/p>\n<p>Istniej\u0105 jednak sytuacje szczeg\u00f3lne, takie jak awaria systemu:<\/p>\n<ul>\n<li>W przypadku og\u0142oszonej <a href=\"https:\/\/blog.acubeapi.com\/pl\/co-zrobic-w-razie-awarii-ksef\/\">awarii KSeF<\/a>, podatnik mo\u017ce wystawia\u0107 faktury w trybie offline (zgodnie ze wzorem e-faktury).<\/li>\n<li>Takie faktury musz\u0105 zosta\u0107 wprowadzone do KSeF w okre\u015blonym terminie po ustaniu awarii.<\/li>\n<li>W\u00f3wczas za dat\u0119 wystawienia uznaje si\u0119 dat\u0119 faktycznego wystawienia dokumentu w trybie offline, o ile zosta\u0142 on dostarczony do systemu w ustawowym terminie. Jest to jedyny wyj\u0105tek, w kt\u00f3rym data systemowa mo\u017ce by\u0107 p\u00f3\u017aniejsza ni\u017c data uznana za dat\u0119 wystawienia.<\/li>\n<\/ul>\n<h2>FAQ &#8211; najcz\u0119\u015bciej zadawane pytania o wystawianie faktury w KSeF<\/h2>\n\n\n<!-- FAQ Component (details\/summary) + JSON-LD inline -->\n<section class=\"faq-root\" style=\"--faq-accent: #ff5418;\n--faq-q-bg: #2c4168;\n--faq-q-text: #ffffff;\n--faq-a-bg: #dddddd;\n--faq-a-text: #000000;\n--kp-bg: #2c4168;\n--kp-title-color: #64748b;\n--kp-text-color: #ffffff;\n--kp-border-color: #e2e8f0;\n--kp-border-width: 0px;\n--kp-radius: 14px;\n--kp-padding: 16px;\n--kp-gap: 6px;\n--kp-marker-color: #ff2a13;\n--kp-list-style: disc;\n--kp-title-size: 13px;\n--kp-text-size: 16px;\n--kp-shadow: none;\n--faq-border-top: 0px;\n--faq-border-right: 0px;\n--faq-border-bottom: 1px;\n--faq-border-left: 0px;\n--faq-border-color: #f0f0f0;\n--faq-radius: 6px;\n--faq-gap: 8px;\n--faq-padding: 14px;\n--faq-margin-block: 0px;\n--faq-icon-size: 18px;\n--faq-icon-gap: 10px;\n--faq-a-lh: 1.5;\n--faq-q-fs: 16px;\n--faq-a-fs: 15px;\n--faq-q-fw: 600;\n--faq-a-fw: 400;\n--faq-width: 100%;\n--faq-ml: auto;\n--faq-mr: auto;\n--faq-q-pt: 14px;\n--faq-q-pr: 14px;\n--faq-q-pb: 14px;\n--faq-q-pl: 14px;\n--faq-a-pt: 12px;\n--faq-a-pr: 14px;\n--faq-a-pb: 14px;\n--faq-a-pl: 20px;\n--faq-shadow: 0 1px 2px rgba(0,0,0,0.35);\">\n  <div class=\"faq\" aria-label=\"FAQ\">\n  <details>\n    <summary><span class=\"icon-arrow\"><\/span><span>Czy data wystawienia faktury w KSeF mo\u017ce by\u0107 dowolna?<\/span><\/summary>\n    <div class=\"answer\">Nie. Data technicznego wystawienia wynika z momentu przes\u0142ania dokumentu do systemu i jego rejestracji.<\/div>\n  <\/details>\n  <details>\n    <summary><span class=\"icon-arrow\"><\/span><span>Czy mo\u017cna zmieni\u0107 dat\u0119 wystawienia faktury po wys\u0142aniu do KSeF?<\/span><\/summary>\n    <div class=\"answer\">Nie ma mo\u017cliwo\u015bci zmiany ju\u017c zarejestrowanej faktury. Korekty realizowane s\u0105 poprzez faktury koryguj\u0105ce.<\/div>\n  <\/details>\n  <details>\n    <summary><span class=\"icon-arrow\"><\/span><span>Czy w KSeF mo\u017cna wystawi\u0107 faktur\u0119 z dat\u0105 wsteczn\u0105?<\/span><\/summary>\n    <div class=\"answer\">Nie w sensie technicznym systemu. Mo\u017cliwe jest wskazanie wcze\u015bniejszej daty sprzeda\u017cy, ale nie cofni\u0119cie momentu rejestracji w systemie.<\/div>\n  <\/details>\n  <\/div>\n<\/section>\n\n<script type=\"application\/ld+json\">\n{\n  \"@context\": \"https:\/\/schema.org\",\n  \"@type\": \"FAQPage\",\n  \"mainEntity\": [\n    {\n      \"@type\": \"Question\",\n      \"name\": \"Czy data wystawienia faktury w KSeF mo\u017ce by\u0107 dowolna?\",\n      \"acceptedAnswer\": {\n        \"@type\": \"Answer\",\n        \"text\": \"Nie. Data technicznego wystawienia wynika z momentu przes\u0142ania dokumentu do systemu i jego rejestracji.\"\n      }\n    },\n    {\n      \"@type\": \"Question\",\n      \"name\": \"Czy mo\u017cna zmieni\u0107 dat\u0119 wystawienia faktury po wys\u0142aniu do KSeF?\",\n      \"acceptedAnswer\": {\n        \"@type\": \"Answer\",\n        \"text\": \"Nie ma mo\u017cliwo\u015bci zmiany ju\u017c zarejestrowanej faktury. Korekty realizowane s\u0105 poprzez faktury koryguj\u0105ce.\"\n      }\n    },\n    {\n      \"@type\": \"Question\",\n      \"name\": \"Czy w KSeF mo\u017cna wystawi\u0107 faktur\u0119 z dat\u0105 wsteczn\u0105?\",\n      \"acceptedAnswer\": {\n        \"@type\": \"Answer\",\n        \"text\": \"Nie w sensie technicznym systemu. Mo\u017cliwe jest wskazanie wcze\u015bniejszej daty sprzeda\u017cy, ale nie cofni\u0119cie momentu rejestracji w systemie.\"\n      }\n    }\n  ]\n}\n<\/script>\n\n<style>\n\/* Minimalny CSS dla FAQ *\/\n\n.faq-root { border:0; font-family: var(--faq-font, ui-sans-serif, system-ui, -apple-system, Segoe UI, Roboto) !important; width: var(--faq-width, 100%) !important; margin-left: var(--faq-ml, auto) !important; margin-right: var(--faq-mr, auto) !important; }\n.faq { display: grid !important; gap: var(--faq-gap) !important; }\n.faq details { border-radius: var(--faq-radius) !important; overflow: clip !important; border-style: solid !important; border-color: var(--faq-border-color) !important; border-width: var(--faq-border-top) var(--faq-border-right) var(--faq-border-bottom) var(--faq-border-left) !important; background: var(--faq-q-bg) !important; margin-block: var(--faq-margin-block) !important; box-shadow: var(--faq-shadow) !important; }\n.faq summary { list-style: none !important; cursor: pointer !important; position: relative !important; padding: var(--faq-q-pt, var(--faq-padding)) var(--faq-q-pr, var(--faq-padding)) var(--faq-q-pb, var(--faq-padding)) var(--faq-q-pl, var(--faq-padding)) !important; color: var(--faq-q-text) !important; font-weight: var(--faq-q-fw, 600) !important; display: flex !important; align-items: center !important; gap: var(--faq-icon-gap, 10px) !important; font-size: var(--faq-q-fs, 16px) !important;}\n.faq summary::-webkit-details-marker { display: none; !important}\n.faq summary .icon-chevron { flex: 0 0 auto !important; width: var(--faq-icon-size) !important; height: var(--faq-icon-size) !important; border: 2px solid var(--faq-accent) !important; border-left: 0 !important; border-top: 0 !important; transform: rotate(45deg) !important; transition: transform .2s ease !important; opacity: .8 !important; }\n.faq details[open] summary .icon-chevron { transform: rotate(225deg) !important; }\n.faq summary .icon-plus { flex: 0 0 auto !important; width: var(--faq-icon-size) !important; height: var(--faq-icon-size) !important; position: relative !important; }\n.faq summary .icon-plus::before,.faq summary .icon-plus::after { content: '' !important; position: absolute !important; background: var(--faq-accent) !important; }\n.faq summary .icon-plus::before { width: 100% !important; height: 2px !important; top: 50% !important; left: 0 !important; transform: translateY(-50%) !important; }\n.faq summary .icon-plus::after { width: 2px !important; height: 100% !important; left: 50% !important; top: 0 !important; transform: translateX(-50%) !important; transition: transform .2s ease, opacity .2s ease !important; }\n.faq details[open] summary .icon-plus::after { transform: translateX(-50%) rotate(90deg) !important; opacity: 0 !important; }\n.faq summary .icon-arrow { flex: 0 0 auto !important; width: 0 !important; height: 0 !important; border-left: calc(var(--faq-icon-size) * 0.5) solid transparent !important; border-right: calc(var(--faq-icon-size) * 0.5) solid transparent !important; border-top: calc(var(--faq-icon-size) * 0.6) solid var(--faq-accent) !important; transition: transform .2s ease !important; }\n.faq details[open] summary .icon-arrow { transform: rotate(180deg) !important; }\n.faq .answer {  padding: var(--faq-a-pt, calc(var(--faq-padding) - 2px)) var(--faq-a-pr, var(--faq-padding)) var(--faq-a-pb, var(--faq-padding)) var(--faq-a-pl, var(--faq-padding)) !important; background: var(--faq-a-bg) !important; color: var(--faq-a-text) !important; border-top: 1px solid var(--faq-border-color) !important; font-weight: var(--faq-a-fw, 400) !important; font-size: var(--faq-a-fs, 15px) !important;line-height: var(--faq-a-lh, 1.5) !important;}\n<\/style>\n\n\n\n<p class=\"wp-block-paragraph\"><br><\/p>\n","protected":false},"excerpt":{"rendered":"<p>Najwa\u017cniejsze informacje z artyku\u0142u: Data wystawienia faktury w KSeF jest zale\u017cna od momentu jej przes\u0142ania i nadania numeru w systemie, a nie od dowolnie ustawionej daty. R&oacute;\u017cnica mi\u0119dzy dat\u0105 sprzeda\u017cy a dat\u0105 wystawienia ma znaczenie dla rozlicze\u0144 VAT i ewidencji ksi\u0119gowej. System nie pozwala na klasyczne &bdquo;wystawianie wsteczne&rdquo; faktur, cho\u0107 mo\u017cliwe jest wskazanie wcze\u015bniejszej daty sprzeda\u017cy. W tradycyjnym modelu wystawiania &#8230; <\/p>\n<div><a href=\"https:\/\/blog.acubeapi.com\/pl\/data-wystawienia-faktury-w-ksef\/\" class=\"more-link\">Read More<\/a><\/div>\n","protected":false},"author":233288291,"featured_media":3197,"comment_status":"closed","ping_status":"closed","sticky":false,"template":"","format":"standard","meta":{"_crdt_document":"","_jetpack_newsletter_access":"","_jetpack_dont_email_post_to_subs":false,"_jetpack_newsletter_tier_id":0,"_jetpack_memberships_contains_paywalled_content":false,"_jetpack_memberships_contains_paid_content":false,"footnotes":"","jetpack_publicize_message":"","jetpack_publicize_feature_enabled":true,"jetpack_social_post_already_shared":true,"jetpack_social_options":{"image_generator_settings":{"template":"highway","default_image_id":0,"font":"","enabled":false},"version":2},"_wpas_customize_per_network":false,"jetpack_post_was_ever_published":false},"categories":[760992136],"tags":[],"class_list":["post-3193","post","type-post","status-publish","format-standard","has-post-thumbnail","hentry","category-ksef-pl"],"yoast_head":"<!-- This site is optimized with the Yoast SEO plugin v27.4 - https:\/\/yoast.com\/product\/yoast-seo-wordpress\/ -->\n<title>Data wystawienia faktury w KSeF - wszystko, co trzeba wiedzie\u0107 - A-Cube API - NEWS<\/title>\n<meta name=\"description\" content=\"Czy wiesz, co decyduje o dacie wystawienia faktury w KSeF? Poznaj r\u00f3\u017cnice mi\u0119dzy dat\u0105 przes\u0142ania a nadaniem numeru ID przez system. Dowiedz si\u0119 wi\u0119cej!\" \/>\n<meta name=\"robots\" content=\"index, follow, max-snippet:-1, max-image-preview:large, max-video-preview:-1\" \/>\n<link rel=\"canonical\" href=\"https:\/\/blog.acubeapi.com\/pl\/data-wystawienia-faktury-w-ksef\/\" \/>\n<meta property=\"og:locale\" content=\"pl_PL\" \/>\n<meta property=\"og:type\" content=\"article\" \/>\n<meta property=\"og:title\" content=\"Data wystawienia faktury w KSeF - wszystko, co trzeba wiedzie\u0107 - A-Cube API - NEWS\" \/>\n<meta property=\"og:description\" content=\"Czy wiesz, co decyduje o dacie wystawienia faktury w KSeF? Poznaj r\u00f3\u017cnice mi\u0119dzy dat\u0105 przes\u0142ania a nadaniem numeru ID przez system. Dowiedz si\u0119 wi\u0119cej!\" \/>\n<meta property=\"og:url\" content=\"https:\/\/blog.acubeapi.com\/pl\/data-wystawienia-faktury-w-ksef\/\" \/>\n<meta property=\"og:site_name\" content=\"A-Cube API - NEWS\" \/>\n<meta property=\"article:published_time\" content=\"2026-04-27T10:27:54+00:00\" \/>\n<meta property=\"article:modified_time\" content=\"2026-04-27T10:28:35+00:00\" \/>\n<meta property=\"og:image\" content=\"https:\/\/blog.acubeapi.com\/wp-content\/uploads\/2026\/04\/faktura.jpg\" \/>\n\t<meta property=\"og:image:width\" content=\"1500\" \/>\n\t<meta property=\"og:image:height\" content=\"1000\" \/>\n\t<meta property=\"og:image:type\" content=\"image\/jpeg\" \/>\n<meta name=\"author\" content=\"Delante\" \/>\n<meta name=\"twitter:card\" content=\"summary_large_image\" \/>\n<meta name=\"twitter:label1\" content=\"Napisane przez\" \/>\n\t<meta name=\"twitter:data1\" content=\"Delante\" \/>\n\t<meta name=\"twitter:label2\" content=\"Szacowany czas czytania\" \/>\n\t<meta name=\"twitter:data2\" content=\"4 minuty\" \/>\n<script type=\"application\/ld+json\" class=\"yoast-schema-graph\">{\"@context\":\"https:\\\/\\\/schema.org\",\"@graph\":[{\"@type\":\"Article\",\"@id\":\"https:\\\/\\\/blog.acubeapi.com\\\/pl\\\/data-wystawienia-faktury-w-ksef\\\/#article\",\"isPartOf\":{\"@id\":\"https:\\\/\\\/blog.acubeapi.com\\\/pl\\\/data-wystawienia-faktury-w-ksef\\\/\"},\"author\":{\"name\":\"Delante\",\"@id\":\"https:\\\/\\\/blog.acubeapi.com\\\/#\\\/schema\\\/person\\\/8fc2669d8313e6312e3666c19c6f121c\"},\"headline\":\"Data wystawienia faktury w KSeF &#8211; wszystko co musisz wiedzie\u0107\",\"datePublished\":\"2026-04-27T10:27:54+00:00\",\"dateModified\":\"2026-04-27T10:28:35+00:00\",\"mainEntityOfPage\":{\"@id\":\"https:\\\/\\\/blog.acubeapi.com\\\/pl\\\/data-wystawienia-faktury-w-ksef\\\/\"},\"wordCount\":694,\"publisher\":{\"@id\":\"https:\\\/\\\/blog.acubeapi.com\\\/#organization\"},\"image\":{\"@id\":\"https:\\\/\\\/blog.acubeapi.com\\\/pl\\\/data-wystawienia-faktury-w-ksef\\\/#primaryimage\"},\"thumbnailUrl\":\"https:\\\/\\\/i0.wp.com\\\/blog.acubeapi.com\\\/wp-content\\\/uploads\\\/2026\\\/04\\\/faktura.jpg?fit=1500%2C1000&ssl=1\",\"articleSection\":[\"KSeF\"],\"inLanguage\":\"pl-PL\"},{\"@type\":\"WebPage\",\"@id\":\"https:\\\/\\\/blog.acubeapi.com\\\/pl\\\/data-wystawienia-faktury-w-ksef\\\/\",\"url\":\"https:\\\/\\\/blog.acubeapi.com\\\/pl\\\/data-wystawienia-faktury-w-ksef\\\/\",\"name\":\"Data wystawienia faktury w KSeF - wszystko, co trzeba wiedzie\u0107 - A-Cube API - NEWS\",\"isPartOf\":{\"@id\":\"https:\\\/\\\/blog.acubeapi.com\\\/#website\"},\"primaryImageOfPage\":{\"@id\":\"https:\\\/\\\/blog.acubeapi.com\\\/pl\\\/data-wystawienia-faktury-w-ksef\\\/#primaryimage\"},\"image\":{\"@id\":\"https:\\\/\\\/blog.acubeapi.com\\\/pl\\\/data-wystawienia-faktury-w-ksef\\\/#primaryimage\"},\"thumbnailUrl\":\"https:\\\/\\\/i0.wp.com\\\/blog.acubeapi.com\\\/wp-content\\\/uploads\\\/2026\\\/04\\\/faktura.jpg?fit=1500%2C1000&ssl=1\",\"datePublished\":\"2026-04-27T10:27:54+00:00\",\"dateModified\":\"2026-04-27T10:28:35+00:00\",\"description\":\"Czy wiesz, co decyduje o dacie wystawienia faktury w KSeF? Poznaj r\u00f3\u017cnice mi\u0119dzy dat\u0105 przes\u0142ania a nadaniem numeru ID przez system. Dowiedz si\u0119 wi\u0119cej!\",\"breadcrumb\":{\"@id\":\"https:\\\/\\\/blog.acubeapi.com\\\/pl\\\/data-wystawienia-faktury-w-ksef\\\/#breadcrumb\"},\"inLanguage\":\"pl-PL\",\"potentialAction\":[{\"@type\":\"ReadAction\",\"target\":[\"https:\\\/\\\/blog.acubeapi.com\\\/pl\\\/data-wystawienia-faktury-w-ksef\\\/\"]}]},{\"@type\":\"ImageObject\",\"inLanguage\":\"pl-PL\",\"@id\":\"https:\\\/\\\/blog.acubeapi.com\\\/pl\\\/data-wystawienia-faktury-w-ksef\\\/#primaryimage\",\"url\":\"https:\\\/\\\/i0.wp.com\\\/blog.acubeapi.com\\\/wp-content\\\/uploads\\\/2026\\\/04\\\/faktura.jpg?fit=1500%2C1000&ssl=1\",\"contentUrl\":\"https:\\\/\\\/i0.wp.com\\\/blog.acubeapi.com\\\/wp-content\\\/uploads\\\/2026\\\/04\\\/faktura.jpg?fit=1500%2C1000&ssl=1\",\"width\":1500,\"height\":1000,\"caption\":\"Wystawianie faktury w KSeF\"},{\"@type\":\"BreadcrumbList\",\"@id\":\"https:\\\/\\\/blog.acubeapi.com\\\/pl\\\/data-wystawienia-faktury-w-ksef\\\/#breadcrumb\",\"itemListElement\":[{\"@type\":\"ListItem\",\"position\":1,\"name\":\"Strona g\u0142\u00f3wna\",\"item\":\"https:\\\/\\\/blog.acubeapi.com\\\/pl\\\/home\\\/\"},{\"@type\":\"ListItem\",\"position\":2,\"name\":\"Data wystawienia faktury w KSeF &#8211; wszystko co musisz wiedzie\u0107\"}]},{\"@type\":\"WebSite\",\"@id\":\"https:\\\/\\\/blog.acubeapi.com\\\/#website\",\"url\":\"https:\\\/\\\/blog.acubeapi.com\\\/\",\"name\":\"A-Cube API - Blog\",\"description\":\"A-Cube - La soluzione API per la fatturazione elettronica\",\"publisher\":{\"@id\":\"https:\\\/\\\/blog.acubeapi.com\\\/#organization\"},\"potentialAction\":[{\"@type\":\"SearchAction\",\"target\":{\"@type\":\"EntryPoint\",\"urlTemplate\":\"https:\\\/\\\/blog.acubeapi.com\\\/?s={search_term_string}\"},\"query-input\":{\"@type\":\"PropertyValueSpecification\",\"valueRequired\":true,\"valueName\":\"search_term_string\"}}],\"inLanguage\":\"pl-PL\"},{\"@type\":\"Organization\",\"@id\":\"https:\\\/\\\/blog.acubeapi.com\\\/#organization\",\"name\":\"A-Cube\",\"url\":\"https:\\\/\\\/blog.acubeapi.com\\\/\",\"logo\":{\"@type\":\"ImageObject\",\"inLanguage\":\"pl-PL\",\"@id\":\"https:\\\/\\\/blog.acubeapi.com\\\/#\\\/schema\\\/logo\\\/image\\\/\",\"url\":\"https:\\\/\\\/i0.wp.com\\\/blog.acubeapi.com\\\/wp-content\\\/uploads\\\/2023\\\/03\\\/cropped-logo.png?fit=1024%2C182&ssl=1\",\"contentUrl\":\"https:\\\/\\\/i0.wp.com\\\/blog.acubeapi.com\\\/wp-content\\\/uploads\\\/2023\\\/03\\\/cropped-logo.png?fit=1024%2C182&ssl=1\",\"width\":1024,\"height\":182,\"caption\":\"A-Cube\"},\"image\":{\"@id\":\"https:\\\/\\\/blog.acubeapi.com\\\/#\\\/schema\\\/logo\\\/image\\\/\"},\"sameAs\":[\"https:\\\/\\\/www.linkedin.com\\\/company\\\/acubeapi\\\/\"]},{\"@type\":\"Person\",\"@id\":\"https:\\\/\\\/blog.acubeapi.com\\\/#\\\/schema\\\/person\\\/8fc2669d8313e6312e3666c19c6f121c\",\"name\":\"Delante\",\"image\":{\"@type\":\"ImageObject\",\"inLanguage\":\"pl-PL\",\"@id\":\"https:\\\/\\\/secure.gravatar.com\\\/avatar\\\/b3d1a10aeaa831482ba1774801a5795e582b0e8d965c0a896c44b96fa7bffe7e?s=96&d=identicon&r=g\",\"url\":\"https:\\\/\\\/secure.gravatar.com\\\/avatar\\\/b3d1a10aeaa831482ba1774801a5795e582b0e8d965c0a896c44b96fa7bffe7e?s=96&d=identicon&r=g\",\"contentUrl\":\"https:\\\/\\\/secure.gravatar.com\\\/avatar\\\/b3d1a10aeaa831482ba1774801a5795e582b0e8d965c0a896c44b96fa7bffe7e?s=96&d=identicon&r=g\",\"caption\":\"Delante\"},\"url\":\"https:\\\/\\\/blog.acubeapi.com\\\/pl\\\/author\\\/delante\\\/\"}]}<\/script>\n<!-- \/ Yoast SEO plugin. -->","yoast_head_json":{"title":"Data wystawienia faktury w KSeF - wszystko, co trzeba wiedzie\u0107 - A-Cube API - NEWS","description":"Czy wiesz, co decyduje o dacie wystawienia faktury w KSeF? Poznaj r\u00f3\u017cnice mi\u0119dzy dat\u0105 przes\u0142ania a nadaniem numeru ID przez system. Dowiedz si\u0119 wi\u0119cej!","robots":{"index":"index","follow":"follow","max-snippet":"max-snippet:-1","max-image-preview":"max-image-preview:large","max-video-preview":"max-video-preview:-1"},"canonical":"https:\/\/blog.acubeapi.com\/pl\/data-wystawienia-faktury-w-ksef\/","og_locale":"pl_PL","og_type":"article","og_title":"Data wystawienia faktury w KSeF - wszystko, co trzeba wiedzie\u0107 - A-Cube API - NEWS","og_description":"Czy wiesz, co decyduje o dacie wystawienia faktury w KSeF? Poznaj r\u00f3\u017cnice mi\u0119dzy dat\u0105 przes\u0142ania a nadaniem numeru ID przez system. Dowiedz si\u0119 wi\u0119cej!","og_url":"https:\/\/blog.acubeapi.com\/pl\/data-wystawienia-faktury-w-ksef\/","og_site_name":"A-Cube API - NEWS","article_published_time":"2026-04-27T10:27:54+00:00","article_modified_time":"2026-04-27T10:28:35+00:00","og_image":[{"width":1500,"height":1000,"url":"https:\/\/blog.acubeapi.com\/wp-content\/uploads\/2026\/04\/faktura.jpg","type":"image\/jpeg"}],"author":"Delante","twitter_card":"summary_large_image","twitter_misc":{"Napisane przez":"Delante","Szacowany czas czytania":"4 minuty"},"schema":{"@context":"https:\/\/schema.org","@graph":[{"@type":"Article","@id":"https:\/\/blog.acubeapi.com\/pl\/data-wystawienia-faktury-w-ksef\/#article","isPartOf":{"@id":"https:\/\/blog.acubeapi.com\/pl\/data-wystawienia-faktury-w-ksef\/"},"author":{"name":"Delante","@id":"https:\/\/blog.acubeapi.com\/#\/schema\/person\/8fc2669d8313e6312e3666c19c6f121c"},"headline":"Data wystawienia faktury w KSeF &#8211; wszystko co musisz wiedzie\u0107","datePublished":"2026-04-27T10:27:54+00:00","dateModified":"2026-04-27T10:28:35+00:00","mainEntityOfPage":{"@id":"https:\/\/blog.acubeapi.com\/pl\/data-wystawienia-faktury-w-ksef\/"},"wordCount":694,"publisher":{"@id":"https:\/\/blog.acubeapi.com\/#organization"},"image":{"@id":"https:\/\/blog.acubeapi.com\/pl\/data-wystawienia-faktury-w-ksef\/#primaryimage"},"thumbnailUrl":"https:\/\/i0.wp.com\/blog.acubeapi.com\/wp-content\/uploads\/2026\/04\/faktura.jpg?fit=1500%2C1000&ssl=1","articleSection":["KSeF"],"inLanguage":"pl-PL"},{"@type":"WebPage","@id":"https:\/\/blog.acubeapi.com\/pl\/data-wystawienia-faktury-w-ksef\/","url":"https:\/\/blog.acubeapi.com\/pl\/data-wystawienia-faktury-w-ksef\/","name":"Data wystawienia faktury w KSeF - wszystko, co trzeba wiedzie\u0107 - A-Cube API - NEWS","isPartOf":{"@id":"https:\/\/blog.acubeapi.com\/#website"},"primaryImageOfPage":{"@id":"https:\/\/blog.acubeapi.com\/pl\/data-wystawienia-faktury-w-ksef\/#primaryimage"},"image":{"@id":"https:\/\/blog.acubeapi.com\/pl\/data-wystawienia-faktury-w-ksef\/#primaryimage"},"thumbnailUrl":"https:\/\/i0.wp.com\/blog.acubeapi.com\/wp-content\/uploads\/2026\/04\/faktura.jpg?fit=1500%2C1000&ssl=1","datePublished":"2026-04-27T10:27:54+00:00","dateModified":"2026-04-27T10:28:35+00:00","description":"Czy wiesz, co decyduje o dacie wystawienia faktury w KSeF? Poznaj r\u00f3\u017cnice mi\u0119dzy dat\u0105 przes\u0142ania a nadaniem numeru ID przez system. Dowiedz si\u0119 wi\u0119cej!","breadcrumb":{"@id":"https:\/\/blog.acubeapi.com\/pl\/data-wystawienia-faktury-w-ksef\/#breadcrumb"},"inLanguage":"pl-PL","potentialAction":[{"@type":"ReadAction","target":["https:\/\/blog.acubeapi.com\/pl\/data-wystawienia-faktury-w-ksef\/"]}]},{"@type":"ImageObject","inLanguage":"pl-PL","@id":"https:\/\/blog.acubeapi.com\/pl\/data-wystawienia-faktury-w-ksef\/#primaryimage","url":"https:\/\/i0.wp.com\/blog.acubeapi.com\/wp-content\/uploads\/2026\/04\/faktura.jpg?fit=1500%2C1000&ssl=1","contentUrl":"https:\/\/i0.wp.com\/blog.acubeapi.com\/wp-content\/uploads\/2026\/04\/faktura.jpg?fit=1500%2C1000&ssl=1","width":1500,"height":1000,"caption":"Wystawianie faktury w KSeF"},{"@type":"BreadcrumbList","@id":"https:\/\/blog.acubeapi.com\/pl\/data-wystawienia-faktury-w-ksef\/#breadcrumb","itemListElement":[{"@type":"ListItem","position":1,"name":"Strona g\u0142\u00f3wna","item":"https:\/\/blog.acubeapi.com\/pl\/home\/"},{"@type":"ListItem","position":2,"name":"Data wystawienia faktury w KSeF &#8211; wszystko co musisz wiedzie\u0107"}]},{"@type":"WebSite","@id":"https:\/\/blog.acubeapi.com\/#website","url":"https:\/\/blog.acubeapi.com\/","name":"A-Cube API - Blog","description":"A-Cube - La soluzione API per la fatturazione elettronica","publisher":{"@id":"https:\/\/blog.acubeapi.com\/#organization"},"potentialAction":[{"@type":"SearchAction","target":{"@type":"EntryPoint","urlTemplate":"https:\/\/blog.acubeapi.com\/?s={search_term_string}"},"query-input":{"@type":"PropertyValueSpecification","valueRequired":true,"valueName":"search_term_string"}}],"inLanguage":"pl-PL"},{"@type":"Organization","@id":"https:\/\/blog.acubeapi.com\/#organization","name":"A-Cube","url":"https:\/\/blog.acubeapi.com\/","logo":{"@type":"ImageObject","inLanguage":"pl-PL","@id":"https:\/\/blog.acubeapi.com\/#\/schema\/logo\/image\/","url":"https:\/\/i0.wp.com\/blog.acubeapi.com\/wp-content\/uploads\/2023\/03\/cropped-logo.png?fit=1024%2C182&ssl=1","contentUrl":"https:\/\/i0.wp.com\/blog.acubeapi.com\/wp-content\/uploads\/2023\/03\/cropped-logo.png?fit=1024%2C182&ssl=1","width":1024,"height":182,"caption":"A-Cube"},"image":{"@id":"https:\/\/blog.acubeapi.com\/#\/schema\/logo\/image\/"},"sameAs":["https:\/\/www.linkedin.com\/company\/acubeapi\/"]},{"@type":"Person","@id":"https:\/\/blog.acubeapi.com\/#\/schema\/person\/8fc2669d8313e6312e3666c19c6f121c","name":"Delante","image":{"@type":"ImageObject","inLanguage":"pl-PL","@id":"https:\/\/secure.gravatar.com\/avatar\/b3d1a10aeaa831482ba1774801a5795e582b0e8d965c0a896c44b96fa7bffe7e?s=96&d=identicon&r=g","url":"https:\/\/secure.gravatar.com\/avatar\/b3d1a10aeaa831482ba1774801a5795e582b0e8d965c0a896c44b96fa7bffe7e?s=96&d=identicon&r=g","contentUrl":"https:\/\/secure.gravatar.com\/avatar\/b3d1a10aeaa831482ba1774801a5795e582b0e8d965c0a896c44b96fa7bffe7e?s=96&d=identicon&r=g","caption":"Delante"},"url":"https:\/\/blog.acubeapi.com\/pl\/author\/delante\/"}]}},"jetpack_publicize_connections":[],"jetpack_featured_media_url":"https:\/\/i0.wp.com\/blog.acubeapi.com\/wp-content\/uploads\/2026\/04\/faktura.jpg?fit=1500%2C1000&ssl=1","jetpack_likes_enabled":true,"jetpack_sharing_enabled":true,"jetpack_shortlink":"https:\/\/wp.me\/peFIkG-Pv","jetpack-related-posts":[{"id":2676,"url":"https:\/\/blog.acubeapi.com\/pl\/e-faktura-czym-jest-i-od-kiedy-obowiazkowa\/","url_meta":{"origin":3193,"position":0},"title":"E-faktura (faktura elektroniczna) &#8211; czym jest i od kiedy obowi\u0105zkowa?","author":"Delante","date":"2026-01-20","format":false,"excerpt":"Najwa\u017cniejsze informacje z artyku\u0142u: Obowi\u0105zek stosowania e-faktur wchodzi w \u017cycie etapami, zaczynaj\u0105c od 1 lutego 2026 roku dla du\u017cych firm (powy\u017cej 200 mln z\u0142 obrotu) oraz od 1 kwietnia 2026 roku dla pozosta\u0142ych przedsi\u0119biorc\u00f3w. System KSeF nie obejmuje wszystkich transakcji, poniewa\u017c wy\u0142\u0105czone s\u0105 z niego faktury wystawiane na rzecz os\u00f3b\u2026","rel":"","context":"W \u201eKSeF&quot;","block_context":{"text":"KSeF","link":"https:\/\/blog.acubeapi.com\/pl\/category\/ksef-pl\/"},"img":{"alt_text":"Kobieta wype\u0142niaj\u0105ca e-faktur\u0119","src":"https:\/\/i0.wp.com\/blog.acubeapi.com\/wp-content\/uploads\/2026\/01\/e-faktura.jpg?fit=1200%2C801&ssl=1&resize=350%2C200","width":350,"height":200,"srcset":"https:\/\/i0.wp.com\/blog.acubeapi.com\/wp-content\/uploads\/2026\/01\/e-faktura.jpg?fit=1200%2C801&ssl=1&resize=350%2C200 1x, https:\/\/i0.wp.com\/blog.acubeapi.com\/wp-content\/uploads\/2026\/01\/e-faktura.jpg?fit=1200%2C801&ssl=1&resize=525%2C300 1.5x, https:\/\/i0.wp.com\/blog.acubeapi.com\/wp-content\/uploads\/2026\/01\/e-faktura.jpg?fit=1200%2C801&ssl=1&resize=700%2C400 2x, https:\/\/i0.wp.com\/blog.acubeapi.com\/wp-content\/uploads\/2026\/01\/e-faktura.jpg?fit=1200%2C801&ssl=1&resize=1050%2C600 3x"},"classes":[]},{"id":2821,"url":"https:\/\/blog.acubeapi.com\/pl\/ksef-faktury-zagraniczne\/","url_meta":{"origin":3193,"position":1},"title":"KSEF a faktury zagraniczne &#8211; wszystko co powiniene\u015b wiedzie\u0107","author":"Delante","date":"2026-03-02","format":false,"excerpt":"Czego dowiesz si\u0119 z tego artyku\u0142u? Obowi\u0105zek KSeF przy fakturach zagranicznych zale\u017cy od miejsca opodatkowania transakcji, a nie kraju kontrahenta. WDT i eksport towar\u00f3w podlegaj\u0105 KSeF, poniewa\u017c s\u0105 rozliczane w Polsce. Podmioty zagraniczne zarejestrowane do VAT w Polsce podlegaj\u0105 KSeF na takich samych zasadach jak polskie firmy. Sprzeda\u017c w procedurze\u2026","rel":"","context":"W \u201eKSeF&quot;","block_context":{"text":"KSeF","link":"https:\/\/blog.acubeapi.com\/pl\/category\/ksef-pl\/"},"img":{"alt_text":"faktura zagraniczna przy KSEF","src":"https:\/\/i0.wp.com\/blog.acubeapi.com\/wp-content\/uploads\/2026\/02\/ksef-a-faktury-zagraniczne.jpg?fit=1000%2C667&ssl=1&resize=350%2C200","width":350,"height":200,"srcset":"https:\/\/i0.wp.com\/blog.acubeapi.com\/wp-content\/uploads\/2026\/02\/ksef-a-faktury-zagraniczne.jpg?fit=1000%2C667&ssl=1&resize=350%2C200 1x, https:\/\/i0.wp.com\/blog.acubeapi.com\/wp-content\/uploads\/2026\/02\/ksef-a-faktury-zagraniczne.jpg?fit=1000%2C667&ssl=1&resize=525%2C300 1.5x, https:\/\/i0.wp.com\/blog.acubeapi.com\/wp-content\/uploads\/2026\/02\/ksef-a-faktury-zagraniczne.jpg?fit=1000%2C667&ssl=1&resize=700%2C400 2x"},"classes":[]},{"id":2510,"url":"https:\/\/blog.acubeapi.com\/pl\/ksef-od-kiedy-obowiazkowy\/","url_meta":{"origin":3193,"position":2},"title":"Krajowy System e-faktur &#8211; KSEF &#8211; od kiedy obowi\u0105zkowy?","author":"E.C.","date":"2025-12-22","format":false,"excerpt":"Najwa\u017cniejsze informacje z artyku\u0142u: KSeF jest obowi\u0105zkowy etapami: od 1 lutego 2026 roku dla najwi\u0119kszych podatnik\u00f3w, od 1 kwietnia 2026 roku dla pozosta\u0142ych firm, a od 1 stycznia 2027 roku dla najmniejszych przedsi\u0119biorc\u00f3w obj\u0119tych odroczeniem. System KSeF s\u0142u\u017cy do wystawiania, odbierania i archiwizowania faktur ustrukturyzowanych, a jego wprowadzenie ma ograniczy\u0107\u2026","rel":"","context":"W \u201eKSeF&quot;","block_context":{"text":"KSeF","link":"https:\/\/blog.acubeapi.com\/pl\/category\/ksef-pl\/"},"img":{"alt_text":"KSeF","src":"https:\/\/i0.wp.com\/blog.acubeapi.com\/wp-content\/uploads\/2025\/12\/KSeF.jpg?fit=1200%2C800&ssl=1&resize=350%2C200","width":350,"height":200,"srcset":"https:\/\/i0.wp.com\/blog.acubeapi.com\/wp-content\/uploads\/2025\/12\/KSeF.jpg?fit=1200%2C800&ssl=1&resize=350%2C200 1x, https:\/\/i0.wp.com\/blog.acubeapi.com\/wp-content\/uploads\/2025\/12\/KSeF.jpg?fit=1200%2C800&ssl=1&resize=525%2C300 1.5x, https:\/\/i0.wp.com\/blog.acubeapi.com\/wp-content\/uploads\/2025\/12\/KSeF.jpg?fit=1200%2C800&ssl=1&resize=700%2C400 2x, https:\/\/i0.wp.com\/blog.acubeapi.com\/wp-content\/uploads\/2025\/12\/KSeF.jpg?fit=1200%2C800&ssl=1&resize=1050%2C600 3x"},"classes":[]},{"id":2784,"url":"https:\/\/blog.acubeapi.com\/pl\/faktury-vat-rr\/","url_meta":{"origin":3193,"position":3},"title":"Faktury VAT RR &#8211; Czym s\u0105 i kto je wystawia?","author":"Delante","date":"2026-02-23","format":false,"excerpt":"najwa\u017cniejsze informacje z artyku\u0142u: Kto wystawia faktur\u0119 VAT RR: nabywca (czynny podatnik VAT), a nie rolnik. Status KSeF: system w przypadku faktur VAT RR jest dobrowolny; wymaga zgody rolnika i posiadania przez niego numeru NIP. Warunek odliczenia VAT: zap\u0142ata 7% zrycza\u0142towanego zwrotu na konto rolnika w ci\u0105gu 14 dni od\u2026","rel":"","context":"W \u201eNews&quot;","block_context":{"text":"News","link":"https:\/\/blog.acubeapi.com\/pl\/category\/news-2-pl\/"},"img":{"alt_text":"Faktura VAT RR","src":"https:\/\/i0.wp.com\/blog.acubeapi.com\/wp-content\/uploads\/2026\/02\/faktura-vat-rr.jpg?fit=1200%2C686&ssl=1&resize=350%2C200","width":350,"height":200,"srcset":"https:\/\/i0.wp.com\/blog.acubeapi.com\/wp-content\/uploads\/2026\/02\/faktura-vat-rr.jpg?fit=1200%2C686&ssl=1&resize=350%2C200 1x, https:\/\/i0.wp.com\/blog.acubeapi.com\/wp-content\/uploads\/2026\/02\/faktura-vat-rr.jpg?fit=1200%2C686&ssl=1&resize=525%2C300 1.5x, https:\/\/i0.wp.com\/blog.acubeapi.com\/wp-content\/uploads\/2026\/02\/faktura-vat-rr.jpg?fit=1200%2C686&ssl=1&resize=700%2C400 2x, https:\/\/i0.wp.com\/blog.acubeapi.com\/wp-content\/uploads\/2026\/02\/faktura-vat-rr.jpg?fit=1200%2C686&ssl=1&resize=1050%2C600 3x"},"classes":[]},{"id":2987,"url":"https:\/\/blog.acubeapi.com\/pl\/tryb-offline24-w-ksef\/","url_meta":{"origin":3193,"position":4},"title":"Tryb offline24 w KSeF. Jak dzia\u0142a i do czego s\u0142u\u017cy?","author":"Delante","date":"2026-03-30","format":false,"excerpt":"Najwa\u017cniejsze informacje z artyku\u0142u: Tryb offline24 umo\u017cliwia wystawianie faktur ustrukturyzowanych z kodami QR nawet podczas awarii systemu po stronie rz\u0105dowej lub braku internetu w firmie. W tym trybie wystawca odpowiada za samodzielne dostarczenie dokumentu do klienta, poniewa\u017c system KSeF nie zrobi tego automatycznie a\u017c do momentu synchronizacji. Przedsi\u0119biorca ma obowi\u0105zek\u2026","rel":"","context":"W \u201eKSeF&quot;","block_context":{"text":"KSeF","link":"https:\/\/blog.acubeapi.com\/pl\/category\/ksef-pl\/"},"img":{"alt_text":"Offline","src":"https:\/\/i0.wp.com\/blog.acubeapi.com\/wp-content\/uploads\/2026\/03\/offline.jpg?fit=1200%2C675&ssl=1&resize=350%2C200","width":350,"height":200,"srcset":"https:\/\/i0.wp.com\/blog.acubeapi.com\/wp-content\/uploads\/2026\/03\/offline.jpg?fit=1200%2C675&ssl=1&resize=350%2C200 1x, https:\/\/i0.wp.com\/blog.acubeapi.com\/wp-content\/uploads\/2026\/03\/offline.jpg?fit=1200%2C675&ssl=1&resize=525%2C300 1.5x, https:\/\/i0.wp.com\/blog.acubeapi.com\/wp-content\/uploads\/2026\/03\/offline.jpg?fit=1200%2C675&ssl=1&resize=700%2C400 2x, https:\/\/i0.wp.com\/blog.acubeapi.com\/wp-content\/uploads\/2026\/03\/offline.jpg?fit=1200%2C675&ssl=1&resize=1050%2C600 3x"},"classes":[]},{"id":533,"url":"https:\/\/blog.acubeapi.com\/pl\/faktura-ustrukturyzowana\/","url_meta":{"origin":3193,"position":5},"title":"Faktura ustrukturyzowana","author":"acubeapi","date":"2023-03-23","format":false,"excerpt":"Faktura ustrukturyzowana to elektroniczna faktura zawieraj\u0105ca numer identyfikacyjny oraz dane w formacie xml zgodnym ze struktur\u0105 logiczn\u0105 przyj\u0119t\u0105 przez Ministerstwo Finans\u00f3w i wymagan\u0105 przez Krajowy System e-Faktur (KSeF). Pocz\u0105wszy od 2022 roku, firmy mog\u0105 dobrowolnie wystawia\u0107 faktury ustrukturyzowane za po\u015brednictwem KSeF, a od 2024 roku b\u0119d\u0105 do tego zobowi\u0105zane.\u00a0 Faktury\u2026","rel":"","context":"W \u201eKSeF&quot;","block_context":{"text":"KSeF","link":"https:\/\/blog.acubeapi.com\/pl\/category\/ksef-pl\/"},"img":{"alt_text":"","src":"https:\/\/i0.wp.com\/blog.acubeapi.com\/wp-content\/uploads\/2023\/06\/pexels-photo-3803517.jpeg?fit=1200%2C799&ssl=1&resize=350%2C200","width":350,"height":200,"srcset":"https:\/\/i0.wp.com\/blog.acubeapi.com\/wp-content\/uploads\/2023\/06\/pexels-photo-3803517.jpeg?fit=1200%2C799&ssl=1&resize=350%2C200 1x, https:\/\/i0.wp.com\/blog.acubeapi.com\/wp-content\/uploads\/2023\/06\/pexels-photo-3803517.jpeg?fit=1200%2C799&ssl=1&resize=525%2C300 1.5x, https:\/\/i0.wp.com\/blog.acubeapi.com\/wp-content\/uploads\/2023\/06\/pexels-photo-3803517.jpeg?fit=1200%2C799&ssl=1&resize=700%2C400 2x, https:\/\/i0.wp.com\/blog.acubeapi.com\/wp-content\/uploads\/2023\/06\/pexels-photo-3803517.jpeg?fit=1200%2C799&ssl=1&resize=1050%2C600 3x"},"classes":[]}],"_links":{"self":[{"href":"https:\/\/blog.acubeapi.com\/pl\/wp-json\/wp\/v2\/posts\/3193","targetHints":{"allow":["GET"]}}],"collection":[{"href":"https:\/\/blog.acubeapi.com\/pl\/wp-json\/wp\/v2\/posts"}],"about":[{"href":"https:\/\/blog.acubeapi.com\/pl\/wp-json\/wp\/v2\/types\/post"}],"author":[{"embeddable":true,"href":"https:\/\/blog.acubeapi.com\/pl\/wp-json\/wp\/v2\/users\/233288291"}],"replies":[{"embeddable":true,"href":"https:\/\/blog.acubeapi.com\/pl\/wp-json\/wp\/v2\/comments?post=3193"}],"version-history":[{"count":5,"href":"https:\/\/blog.acubeapi.com\/pl\/wp-json\/wp\/v2\/posts\/3193\/revisions"}],"predecessor-version":[{"id":3201,"href":"https:\/\/blog.acubeapi.com\/pl\/wp-json\/wp\/v2\/posts\/3193\/revisions\/3201"}],"wp:featuredmedia":[{"embeddable":true,"href":"https:\/\/blog.acubeapi.com\/pl\/wp-json\/wp\/v2\/media\/3197"}],"wp:attachment":[{"href":"https:\/\/blog.acubeapi.com\/pl\/wp-json\/wp\/v2\/media?parent=3193"}],"wp:term":[{"taxonomy":"category","embeddable":true,"href":"https:\/\/blog.acubeapi.com\/pl\/wp-json\/wp\/v2\/categories?post=3193"},{"taxonomy":"post_tag","embeddable":true,"href":"https:\/\/blog.acubeapi.com\/pl\/wp-json\/wp\/v2\/tags?post=3193"}],"curies":[{"name":"wp","href":"https:\/\/api.w.org\/{rel}","templated":true}]}}